{"id":1334,"date":"2025-02-18T13:56:35","date_gmt":"2025-02-18T13:56:35","guid":{"rendered":"https:\/\/innto.fr\/?p=1334"},"modified":"2025-09-23T07:55:24","modified_gmt":"2025-09-23T07:55:24","slug":"open-days-on-our-campuses","status":"publish","type":"post","link":"https:\/\/innto.fr\/en\/open-days-on-our-campuses\/","title":{"rendered":"Open House Paris"},"content":{"rendered":"","protected":false},"excerpt":{"rendered":"<p>Want to find out more about tourism training?<br \/>\nThe national tourism institutes of the INNTO France network open their doors to high school students, university students and professionals from February 1st.<\/p>\n","protected":false},"author":4,"featured_media":1332,"comment_status":"closed","ping_status":"closed","sticky":false,"template":"","format":"standard","meta":{"_acf_changed":false,"inline_featured_image":false,"footnotes":""},"categories":[131],"tags":[],"class_list":["post-1334","post","type-post","status-publish","format-standard","has-post-thumbnail","hentry","category-trade-fairs-and-meetings"],"acf":[],"yoast_head":"<!-- This site is optimized with the Yoast SEO plugin v27.4 - https:\/\/yoast.com\/product\/yoast-seo-wordpress\/ -->\n<title>Open House Paris | INNTO France<\/title>\n<meta name=\"robots\" content=\"index, follow, max-snippet:-1, max-image-preview:large, max-video-preview:-1\" \/>\n<link rel=\"canonical\" href=\"https:\/\/innto.fr\/en\/open-days-on-our-campuses\/\" \/>\n<meta property=\"og:locale\" content=\"en_US\" \/>\n<meta property=\"og:type\" content=\"article\" \/>\n<meta property=\"og:title\" content=\"Open House Paris | INNTO France\" \/>\n<meta property=\"og:description\" content=\"Want to find out more about tourism training? The national tourism institutes of the INNTO France network open their doors to high school students, university students and professionals from February 1st.\" \/>\n<meta property=\"og:url\" content=\"https:\/\/innto.fr\/en\/open-days-on-our-campuses\/\" \/>\n<meta property=\"og:site_name\" content=\"innto\" \/>\n<meta property=\"article:published_time\" content=\"2025-02-18T13:56:35+00:00\" \/>\n<meta property=\"article:modified_time\" content=\"2025-09-23T07:55:24+00:00\" \/>\n<meta property=\"og:image\" content=\"https:\/\/innto.fr\/wp-content\/uploads\/2025\/01\/IREST-Paris-1-Centre-Pantheon-Photo-Pascal-Levy.jpg\" \/>\n\t<meta property=\"og:image:width\" content=\"1200\" \/>\n\t<meta property=\"og:image:height\" content=\"800\" \/>\n\t<meta property=\"og:image:type\" content=\"image\/jpeg\" \/>\n<meta name=\"author\" content=\"sylvie\" \/>\n<meta name=\"twitter:card\" content=\"summary_large_image\" \/>\n<meta name=\"twitter:label1\" content=\"Written by\" \/>\n\t<meta name=\"twitter:data1\" content=\"sylvie\" \/>\n\t<meta name=\"twitter:label2\" content=\"Est. reading time\" \/>\n\t<meta name=\"twitter:data2\" content=\"1 minute\" \/>\n<script type=\"application\/ld+json\" class=\"yoast-schema-graph\">{\"@context\":\"https:\\\/\\\/schema.org\",\"@graph\":[{\"@type\":\"Article\",\"@id\":\"https:\\\/\\\/innto.fr\\\/en\\\/open-days-on-our-campuses\\\/#article\",\"isPartOf\":{\"@id\":\"https:\\\/\\\/innto.fr\\\/en\\\/open-days-on-our-campuses\\\/\"},\"author\":{\"name\":\"sylvie\",\"@id\":\"https:\\\/\\\/innto.fr\\\/en\\\/#\\\/schema\\\/person\\\/3a65cb1547ceef598e4827a65b401bf4\"},\"headline\":\"Open House Paris\",\"datePublished\":\"2025-02-18T13:56:35+00:00\",\"dateModified\":\"2025-09-23T07:55:24+00:00\",\"mainEntityOfPage\":{\"@id\":\"https:\\\/\\\/innto.fr\\\/en\\\/open-days-on-our-campuses\\\/\"},\"wordCount\":3,\"publisher\":{\"@id\":\"https:\\\/\\\/innto.fr\\\/en\\\/#organization\"},\"image\":{\"@id\":\"https:\\\/\\\/innto.fr\\\/en\\\/open-days-on-our-campuses\\\/#primaryimage\"},\"thumbnailUrl\":\"https:\\\/\\\/innto.fr\\\/wp-content\\\/uploads\\\/2025\\\/01\\\/IREST-Paris-1-Centre-Pantheon-Photo-Pascal-Levy.jpg\",\"articleSection\":[\"Trade fairs and meetings\"],\"inLanguage\":\"en-US\"},{\"@type\":\"WebPage\",\"@id\":\"https:\\\/\\\/innto.fr\\\/en\\\/open-days-on-our-campuses\\\/\",\"url\":\"https:\\\/\\\/innto.fr\\\/en\\\/open-days-on-our-campuses\\\/\",\"name\":\"Open House Paris | INNTO France\",\"isPartOf\":{\"@id\":\"https:\\\/\\\/innto.fr\\\/en\\\/#website\"},\"primaryImageOfPage\":{\"@id\":\"https:\\\/\\\/innto.fr\\\/en\\\/open-days-on-our-campuses\\\/#primaryimage\"},\"image\":{\"@id\":\"https:\\\/\\\/innto.fr\\\/en\\\/open-days-on-our-campuses\\\/#primaryimage\"},\"thumbnailUrl\":\"https:\\\/\\\/innto.fr\\\/wp-content\\\/uploads\\\/2025\\\/01\\\/IREST-Paris-1-Centre-Pantheon-Photo-Pascal-Levy.jpg\",\"datePublished\":\"2025-02-18T13:56:35+00:00\",\"dateModified\":\"2025-09-23T07:55:24+00:00\",\"breadcrumb\":{\"@id\":\"https:\\\/\\\/innto.fr\\\/en\\\/open-days-on-our-campuses\\\/#breadcrumb\"},\"inLanguage\":\"en-US\",\"potentialAction\":[{\"@type\":\"ReadAction\",\"target\":[\"https:\\\/\\\/innto.fr\\\/en\\\/open-days-on-our-campuses\\\/\"]}]},{\"@type\":\"ImageObject\",\"inLanguage\":\"en-US\",\"@id\":\"https:\\\/\\\/innto.fr\\\/en\\\/open-days-on-our-campuses\\\/#primaryimage\",\"url\":\"https:\\\/\\\/innto.fr\\\/wp-content\\\/uploads\\\/2025\\\/01\\\/IREST-Paris-1-Centre-Pantheon-Photo-Pascal-Levy.jpg\",\"contentUrl\":\"https:\\\/\\\/innto.fr\\\/wp-content\\\/uploads\\\/2025\\\/01\\\/IREST-Paris-1-Centre-Pantheon-Photo-Pascal-Levy.jpg\",\"width\":1200,\"height\":800,\"caption\":\"Centre Panth\u00e9on - universit\u00e9 de droit - facade place du Panth\u00e9on\"},{\"@type\":\"BreadcrumbList\",\"@id\":\"https:\\\/\\\/innto.fr\\\/en\\\/open-days-on-our-campuses\\\/#breadcrumb\",\"itemListElement\":[{\"@type\":\"ListItem\",\"position\":1,\"name\":\"Home\",\"item\":\"https:\\\/\\\/innto.fr\\\/en\\\/home\\\/\"},{\"@type\":\"ListItem\",\"position\":2,\"name\":\"Open House Paris\"}]},{\"@type\":\"WebSite\",\"@id\":\"https:\\\/\\\/innto.fr\\\/en\\\/#website\",\"url\":\"https:\\\/\\\/innto.fr\\\/en\\\/\",\"name\":\"INNTO\",\"description\":\"\",\"publisher\":{\"@id\":\"https:\\\/\\\/innto.fr\\\/en\\\/#organization\"},\"potentialAction\":[{\"@type\":\"SearchAction\",\"target\":{\"@type\":\"EntryPoint\",\"urlTemplate\":\"https:\\\/\\\/innto.fr\\\/en\\\/?s={search_term_string}\"},\"query-input\":{\"@type\":\"PropertyValueSpecification\",\"valueRequired\":true,\"valueName\":\"search_term_string\"}}],\"inLanguage\":\"en-US\"},{\"@type\":\"Organization\",\"@id\":\"https:\\\/\\\/innto.fr\\\/en\\\/#organization\",\"name\":\"INNTO France\",\"url\":\"https:\\\/\\\/innto.fr\\\/en\\\/\",\"logo\":{\"@type\":\"ImageObject\",\"inLanguage\":\"en-US\",\"@id\":\"https:\\\/\\\/innto.fr\\\/en\\\/#\\\/schema\\\/logo\\\/image\\\/\",\"url\":\"https:\\\/\\\/innto.fr\\\/wp-content\\\/uploads\\\/2025\\\/01\\\/LOGO_INNTO-FRANCE_BLANC_EXE_RVB.svg\",\"contentUrl\":\"https:\\\/\\\/innto.fr\\\/wp-content\\\/uploads\\\/2025\\\/01\\\/LOGO_INNTO-FRANCE_BLANC_EXE_RVB.svg\",\"caption\":\"INNTO France\"},\"image\":{\"@id\":\"https:\\\/\\\/innto.fr\\\/en\\\/#\\\/schema\\\/logo\\\/image\\\/\"}},{\"@type\":\"Person\",\"@id\":\"https:\\\/\\\/innto.fr\\\/en\\\/#\\\/schema\\\/person\\\/3a65cb1547ceef598e4827a65b401bf4\",\"name\":\"sylvie\",\"image\":{\"@type\":\"ImageObject\",\"inLanguage\":\"en-US\",\"@id\":\"https:\\\/\\\/secure.gravatar.com\\\/avatar\\\/a14749ab6013f838c4f63b5df239ffac6967cb5572631c73e1b7d74200761127?s=96&d=mm&r=g\",\"url\":\"https:\\\/\\\/secure.gravatar.com\\\/avatar\\\/a14749ab6013f838c4f63b5df239ffac6967cb5572631c73e1b7d74200761127?s=96&d=mm&r=g\",\"contentUrl\":\"https:\\\/\\\/secure.gravatar.com\\\/avatar\\\/a14749ab6013f838c4f63b5df239ffac6967cb5572631c73e1b7d74200761127?s=96&d=mm&r=g\",\"caption\":\"sylvie\"},\"url\":\"https:\\\/\\\/innto.fr\\\/en\\\/author\\\/sylvie\\\/\"}]}<\/script>\n<!-- \/ Yoast SEO plugin. -->","yoast_head_json":{"title":"Open House Paris | INNTO France","robots":{"index":"index","follow":"follow","max-snippet":"max-snippet:-1","max-image-preview":"max-image-preview:large","max-video-preview":"max-video-preview:-1"},"canonical":"https:\/\/innto.fr\/en\/open-days-on-our-campuses\/","og_locale":"en_US","og_type":"article","og_title":"Open House Paris | INNTO France","og_description":"Want to find out more about tourism training? The national tourism institutes of the INNTO France network open their doors to high school students, university students and professionals from February 1st.","og_url":"https:\/\/innto.fr\/en\/open-days-on-our-campuses\/","og_site_name":"innto","article_published_time":"2025-02-18T13:56:35+00:00","article_modified_time":"2025-09-23T07:55:24+00:00","og_image":[{"width":1200,"height":800,"url":"https:\/\/innto.fr\/wp-content\/uploads\/2025\/01\/IREST-Paris-1-Centre-Pantheon-Photo-Pascal-Levy.jpg","type":"image\/jpeg"}],"author":"sylvie","twitter_card":"summary_large_image","twitter_misc":{"Written by":"sylvie","Est. reading time":"1 minute"},"schema":{"@context":"https:\/\/schema.org","@graph":[{"@type":"Article","@id":"https:\/\/innto.fr\/en\/open-days-on-our-campuses\/#article","isPartOf":{"@id":"https:\/\/innto.fr\/en\/open-days-on-our-campuses\/"},"author":{"name":"sylvie","@id":"https:\/\/innto.fr\/en\/#\/schema\/person\/3a65cb1547ceef598e4827a65b401bf4"},"headline":"Open House Paris","datePublished":"2025-02-18T13:56:35+00:00","dateModified":"2025-09-23T07:55:24+00:00","mainEntityOfPage":{"@id":"https:\/\/innto.fr\/en\/open-days-on-our-campuses\/"},"wordCount":3,"publisher":{"@id":"https:\/\/innto.fr\/en\/#organization"},"image":{"@id":"https:\/\/innto.fr\/en\/open-days-on-our-campuses\/#primaryimage"},"thumbnailUrl":"https:\/\/innto.fr\/wp-content\/uploads\/2025\/01\/IREST-Paris-1-Centre-Pantheon-Photo-Pascal-Levy.jpg","articleSection":["Trade fairs and meetings"],"inLanguage":"en-US"},{"@type":"WebPage","@id":"https:\/\/innto.fr\/en\/open-days-on-our-campuses\/","url":"https:\/\/innto.fr\/en\/open-days-on-our-campuses\/","name":"Open House Paris | INNTO France","isPartOf":{"@id":"https:\/\/innto.fr\/en\/#website"},"primaryImageOfPage":{"@id":"https:\/\/innto.fr\/en\/open-days-on-our-campuses\/#primaryimage"},"image":{"@id":"https:\/\/innto.fr\/en\/open-days-on-our-campuses\/#primaryimage"},"thumbnailUrl":"https:\/\/innto.fr\/wp-content\/uploads\/2025\/01\/IREST-Paris-1-Centre-Pantheon-Photo-Pascal-Levy.jpg","datePublished":"2025-02-18T13:56:35+00:00","dateModified":"2025-09-23T07:55:24+00:00","breadcrumb":{"@id":"https:\/\/innto.fr\/en\/open-days-on-our-campuses\/#breadcrumb"},"inLanguage":"en-US","potentialAction":[{"@type":"ReadAction","target":["https:\/\/innto.fr\/en\/open-days-on-our-campuses\/"]}]},{"@type":"ImageObject","inLanguage":"en-US","@id":"https:\/\/innto.fr\/en\/open-days-on-our-campuses\/#primaryimage","url":"https:\/\/innto.fr\/wp-content\/uploads\/2025\/01\/IREST-Paris-1-Centre-Pantheon-Photo-Pascal-Levy.jpg","contentUrl":"https:\/\/innto.fr\/wp-content\/uploads\/2025\/01\/IREST-Paris-1-Centre-Pantheon-Photo-Pascal-Levy.jpg","width":1200,"height":800,"caption":"Centre Panth\u00e9on - universit\u00e9 de droit - facade place du Panth\u00e9on"},{"@type":"BreadcrumbList","@id":"https:\/\/innto.fr\/en\/open-days-on-our-campuses\/#breadcrumb","itemListElement":[{"@type":"ListItem","position":1,"name":"Home","item":"https:\/\/innto.fr\/en\/home\/"},{"@type":"ListItem","position":2,"name":"Open House Paris"}]},{"@type":"WebSite","@id":"https:\/\/innto.fr\/en\/#website","url":"https:\/\/innto.fr\/en\/","name":"INNTO","description":"","publisher":{"@id":"https:\/\/innto.fr\/en\/#organization"},"potentialAction":[{"@type":"SearchAction","target":{"@type":"EntryPoint","urlTemplate":"https:\/\/innto.fr\/en\/?s={search_term_string}"},"query-input":{"@type":"PropertyValueSpecification","valueRequired":true,"valueName":"search_term_string"}}],"inLanguage":"en-US"},{"@type":"Organization","@id":"https:\/\/innto.fr\/en\/#organization","name":"INNTO France","url":"https:\/\/innto.fr\/en\/","logo":{"@type":"ImageObject","inLanguage":"en-US","@id":"https:\/\/innto.fr\/en\/#\/schema\/logo\/image\/","url":"https:\/\/innto.fr\/wp-content\/uploads\/2025\/01\/LOGO_INNTO-FRANCE_BLANC_EXE_RVB.svg","contentUrl":"https:\/\/innto.fr\/wp-content\/uploads\/2025\/01\/LOGO_INNTO-FRANCE_BLANC_EXE_RVB.svg","caption":"INNTO France"},"image":{"@id":"https:\/\/innto.fr\/en\/#\/schema\/logo\/image\/"}},{"@type":"Person","@id":"https:\/\/innto.fr\/en\/#\/schema\/person\/3a65cb1547ceef598e4827a65b401bf4","name":"sylvie","image":{"@type":"ImageObject","inLanguage":"en-US","@id":"https:\/\/secure.gravatar.com\/avatar\/a14749ab6013f838c4f63b5df239ffac6967cb5572631c73e1b7d74200761127?s=96&d=mm&r=g","url":"https:\/\/secure.gravatar.com\/avatar\/a14749ab6013f838c4f63b5df239ffac6967cb5572631c73e1b7d74200761127?s=96&d=mm&r=g","contentUrl":"https:\/\/secure.gravatar.com\/avatar\/a14749ab6013f838c4f63b5df239ffac6967cb5572631c73e1b7d74200761127?s=96&d=mm&r=g","caption":"sylvie"},"url":"https:\/\/innto.fr\/en\/author\/sylvie\/"}]}},"_links":{"self":[{"href":"https:\/\/innto.fr\/en\/wp-json\/wp\/v2\/posts\/1334","targetHints":{"allow":["GET"]}}],"collection":[{"href":"https:\/\/innto.fr\/en\/wp-json\/wp\/v2\/posts"}],"about":[{"href":"https:\/\/innto.fr\/en\/wp-json\/wp\/v2\/types\/post"}],"author":[{"embeddable":true,"href":"https:\/\/innto.fr\/en\/wp-json\/wp\/v2\/users\/4"}],"replies":[{"embeddable":true,"href":"https:\/\/innto.fr\/en\/wp-json\/wp\/v2\/comments?post=1334"}],"version-history":[{"count":2,"href":"https:\/\/innto.fr\/en\/wp-json\/wp\/v2\/posts\/1334\/revisions"}],"predecessor-version":[{"id":1340,"href":"https:\/\/innto.fr\/en\/wp-json\/wp\/v2\/posts\/1334\/revisions\/1340"}],"wp:featuredmedia":[{"embeddable":true,"href":"https:\/\/innto.fr\/en\/wp-json\/wp\/v2\/media\/1332"}],"wp:attachment":[{"href":"https:\/\/innto.fr\/en\/wp-json\/wp\/v2\/media?parent=1334"}],"wp:term":[{"taxonomy":"category","embeddable":true,"href":"https:\/\/innto.fr\/en\/wp-json\/wp\/v2\/categories?post=1334"},{"taxonomy":"post_tag","embeddable":true,"href":"https:\/\/innto.fr\/en\/wp-json\/wp\/v2\/tags?post=1334"}],"curies":[{"name":"wp","href":"https:\/\/api.w.org\/{rel}","templated":true}]}}